{"id":1275,"date":"2024-04-05T15:48:00","date_gmt":"2024-04-05T20:48:00","guid":{"rendered":"https:\/\/www.munihuanuco.gob.pe\/?p=1275"},"modified":"2024-04-05T15:48:00","modified_gmt":"2024-04-05T20:48:00","slug":"municipalidad-de-huanuco-y-la-municipalidad-de-lima-firman-convenio-de-apoyo-interinstitucional-2-2-2-3-2","status":"publish","type":"post","link":"https:\/\/www.munihuanuco.gob.pe\/?p=1275","title":{"rendered":"Municipalidad de Hu\u00e1nuco reforesta riberas del r\u00edo Huallaga con plantones frutales"},"content":{"rendered":"\n<blockquote class=\"wp-block-quote is-layout-flow wp-block-quote-is-layout-flow\">\n<p>Al conmemorarse el 14 de marzo el \u201cD\u00eda Mundial de Acci\u00f3n en Defensa de los R\u00edos\u201d, la Municipalidad de Hu\u00e1nuco a trav\u00e9s de la Gerencia de Sostenibilidad Ambiental realiz\u00f3 la reforestaci\u00f3n de las riberas del r\u00edo Huallaga, en la zona del Malec\u00f3n Daniel Alom\u00eda Robles.<\/p>\n\n\n\n<p>Instituciones p\u00fablicas y privadas se sumaron a la campa\u00f1a \u00abAdopta un \u00e1rbol\u00bb y contribuyen a reforestar el malec\u00f3n con plantas frutales de n\u00edspero, pacae y mango.<\/p>\n\n\n\n<p>Jenny Fretel, gerente de Sostenibilidad Ambiental sostuvo que estas acciones buscan proteger las riberas del r\u00edo, mantener el ecosistema y embellecer el malec\u00f3n.<\/p>\n\n\n\n<p>La actividad estuvo dirigida por la Gerencia de Sostenibilidad Ambiental con la participaci\u00f3n de los j\u00f3venes voluntarios del Programa Educca, Fiscal\u00eda Medioambiental, Polic\u00eda Nacional, Minagri, OEFA, entre otros. La iniciativa que busca sensibilizar e involucrar a la ciudadan\u00eda sobre la importancia de realizar acciones concretas que hagan frente al cambio clim\u00e1tico continuar\u00e1n en todo el tramo el malec\u00f3n Daniel Alom\u00eda Robles, Centenario Leoncio Prado e Higueras.<\/p>\n\n\n\n<p><strong><strong><strong>Hu\u00e1nuco, 14 de marzo de 2024<\/strong><\/strong><\/strong><\/p>\n<\/blockquote>\n","protected":false},"excerpt":{"rendered":"<p>Al conmemorarse el 14 de marzo el \u201cD\u00eda Mundial de Acci\u00f3n en Defensa de los R\u00edos\u201d, la Municipalidad de Hu\u00e1nuco a trav\u00e9s de la Gerencia de Sostenibilidad Ambiental realiz\u00f3 la reforestaci\u00f3n de las riberas del r\u00edo Huallaga, en la zona del Malec\u00f3n Daniel Alom\u00eda Robles. Instituciones p\u00fablicas y privadas se sumaron a la campa\u00f1a \u00abAdopta [&hellip;]<\/p>\n","protected":false},"author":1,"featured_media":1276,"comment_status":"open","ping_status":"open","sticky":false,"template":"","format":"standard","meta":{"footnotes":""},"categories":[3],"tags":[],"class_list":["post-1275","post","type-post","status-publish","format-standard","has-post-thumbnail","hentry","category-noticia"],"_links":{"self":[{"href":"https:\/\/www.munihuanuco.gob.pe\/index.php?rest_route=\/wp\/v2\/posts\/1275"}],"collection":[{"href":"https:\/\/www.munihuanuco.gob.pe\/index.php?rest_route=\/wp\/v2\/posts"}],"about":[{"href":"https:\/\/www.munihuanuco.gob.pe\/index.php?rest_route=\/wp\/v2\/types\/post"}],"author":[{"embeddable":true,"href":"https:\/\/www.munihuanuco.gob.pe\/index.php?rest_route=\/wp\/v2\/users\/1"}],"replies":[{"embeddable":true,"href":"https:\/\/www.munihuanuco.gob.pe\/index.php?rest_route=%2Fwp%2Fv2%2Fcomments&post=1275"}],"version-history":[{"count":1,"href":"https:\/\/www.munihuanuco.gob.pe\/index.php?rest_route=\/wp\/v2\/posts\/1275\/revisions"}],"predecessor-version":[{"id":1277,"href":"https:\/\/www.munihuanuco.gob.pe\/index.php?rest_route=\/wp\/v2\/posts\/1275\/revisions\/1277"}],"wp:featuredmedia":[{"embeddable":true,"href":"https:\/\/www.munihuanuco.gob.pe\/index.php?rest_route=\/wp\/v2\/media\/1276"}],"wp:attachment":[{"href":"https:\/\/www.munihuanuco.gob.pe\/index.php?rest_route=%2Fwp%2Fv2%2Fmedia&parent=1275"}],"wp:term":[{"taxonomy":"category","embeddable":true,"href":"https:\/\/www.munihuanuco.gob.pe\/index.php?rest_route=%2Fwp%2Fv2%2Fcategories&post=1275"},{"taxonomy":"post_tag","embeddable":true,"href":"https:\/\/www.munihuanuco.gob.pe\/index.php?rest_route=%2Fwp%2Fv2%2Ftags&post=1275"}],"curies":[{"name":"wp","href":"https:\/\/api.w.org\/{rel}","templated":true}]}}