{"id":3347,"date":"2026-04-24T11:46:27","date_gmt":"2026-04-24T16:46:27","guid":{"rendered":"https:\/\/www.munihuanuco.gob.pe\/?p=3347"},"modified":"2026-04-24T11:46:27","modified_gmt":"2026-04-24T16:46:27","slug":"municipalidad-de-huanuco-instala-el-comite-multisectorial-por-los-derechos-de-la-ninez-y-adolescencia-comudena","status":"publish","type":"post","link":"https:\/\/www.munihuanuco.gob.pe\/?p=3347","title":{"rendered":"MUNICIPALIDAD DE HU\u00c1NUCO INSTALA EL COMIT\u00c9 MULTISECTORIAL POR LOS DERECHOS DE LA NI\u00d1EZ Y ADOLESCENCIA (COMUDENA)"},"content":{"rendered":"\n<p>En un paso decisivo para la protecci\u00f3n social en la provincia, la Municipalidad Provincial de Hu\u00e1nuco lider\u00f3 la ceremonia oficial de conformaci\u00f3n y juramentaci\u00f3n del&nbsp;Comit\u00e9 Multisectorial por los Derechos de la Ni\u00f1a, Ni\u00f1o y Adolescente \u2013 COMUDENA.<\/p>\n\n\n\n<figure class=\"wp-block-image size-large\"><img loading=\"lazy\" decoding=\"async\" width=\"1024\" height=\"683\" src=\"https:\/\/www.munihuanuco.gob.pe\/wp-content\/uploads\/2026\/04\/672041557_1404796298351480_2122138915997908803_n-1024x683.jpg\" alt=\"\" class=\"wp-image-3348\" srcset=\"https:\/\/www.munihuanuco.gob.pe\/wp-content\/uploads\/2026\/04\/672041557_1404796298351480_2122138915997908803_n-1024x683.jpg 1024w, https:\/\/www.munihuanuco.gob.pe\/wp-content\/uploads\/2026\/04\/672041557_1404796298351480_2122138915997908803_n-300x200.jpg 300w, https:\/\/www.munihuanuco.gob.pe\/wp-content\/uploads\/2026\/04\/672041557_1404796298351480_2122138915997908803_n-768x512.jpg 768w, https:\/\/www.munihuanuco.gob.pe\/wp-content\/uploads\/2026\/04\/672041557_1404796298351480_2122138915997908803_n-1536x1024.jpg 1536w, https:\/\/www.munihuanuco.gob.pe\/wp-content\/uploads\/2026\/04\/672041557_1404796298351480_2122138915997908803_n.jpg 2048w\" sizes=\"(max-width: 1024px) 100vw, 1024px\" \/><\/figure>\n\n\n\n<p>Este comit\u00e9 se constituye como el m\u00e1ximo espacio de articulaci\u00f3n interinstitucional de la provincia, dise\u00f1ado para unificar esfuerzos entre las autoridades pol\u00edticas, organismos p\u00fablicos, instituciones civiles y la ciudadan\u00eda organizada. Su misi\u00f3n central es establecer pol\u00edticas locales que garanticen el pleno ejercicio de los derechos de los menores huanuque\u00f1os.<\/p>\n\n\n\n<figure class=\"wp-block-image size-large\"><img loading=\"lazy\" decoding=\"async\" width=\"1024\" height=\"683\" src=\"https:\/\/www.munihuanuco.gob.pe\/wp-content\/uploads\/2026\/04\/672337142_1404796278351482_5503387325353982619_n-1024x683.jpg\" alt=\"\" class=\"wp-image-3349\" srcset=\"https:\/\/www.munihuanuco.gob.pe\/wp-content\/uploads\/2026\/04\/672337142_1404796278351482_5503387325353982619_n-1024x683.jpg 1024w, https:\/\/www.munihuanuco.gob.pe\/wp-content\/uploads\/2026\/04\/672337142_1404796278351482_5503387325353982619_n-300x200.jpg 300w, https:\/\/www.munihuanuco.gob.pe\/wp-content\/uploads\/2026\/04\/672337142_1404796278351482_5503387325353982619_n-768x512.jpg 768w, https:\/\/www.munihuanuco.gob.pe\/wp-content\/uploads\/2026\/04\/672337142_1404796278351482_5503387325353982619_n-1536x1024.jpg 1536w, https:\/\/www.munihuanuco.gob.pe\/wp-content\/uploads\/2026\/04\/672337142_1404796278351482_5503387325353982619_n.jpg 2048w\" sizes=\"(max-width: 1024px) 100vw, 1024px\" \/><\/figure>\n\n\n\n<p>Ejes estrat\u00e9gicos de intervenci\u00f3n<br>Bajo el liderazgo de la&nbsp;Defensor\u00eda Municipal del Ni\u00f1o y del Adolescente (DEMUNA), el COMUDENA tendr\u00e1 la responsabilidad de ejecutar un Plan de Trabajo Anual enfocado en tres frentes cr\u00edticos:<\/p>\n\n\n\n<ol start=\"1\" class=\"wp-block-list\">\n<li>Prevenci\u00f3n de la Violencia:\u00a0Erradicaci\u00f3n de toda forma de maltrato f\u00edsico y psicol\u00f3gico en el entorno familiar y escolar.<\/li>\n\n\n\n<li>Lucha contra el Trabajo Infantil:\u00a0Acciones conjuntas para asegurar que cada ni\u00f1o permanezca en el sistema educativo.<\/li>\n\n\n\n<li>Prevenci\u00f3n del Embarazo Adolescente:\u00a0Implementaci\u00f3n de programas de orientaci\u00f3n y salud integral.<\/li>\n<\/ol>\n\n\n\n<figure class=\"wp-block-image size-large\"><img loading=\"lazy\" decoding=\"async\" width=\"1024\" height=\"579\" src=\"https:\/\/www.munihuanuco.gob.pe\/wp-content\/uploads\/2026\/04\/671413225_1404796525018124_1844313136426353750_n-1024x579.jpg\" alt=\"\" class=\"wp-image-3351\" srcset=\"https:\/\/www.munihuanuco.gob.pe\/wp-content\/uploads\/2026\/04\/671413225_1404796525018124_1844313136426353750_n-1024x579.jpg 1024w, https:\/\/www.munihuanuco.gob.pe\/wp-content\/uploads\/2026\/04\/671413225_1404796525018124_1844313136426353750_n-300x169.jpg 300w, https:\/\/www.munihuanuco.gob.pe\/wp-content\/uploads\/2026\/04\/671413225_1404796525018124_1844313136426353750_n-768x434.jpg 768w, https:\/\/www.munihuanuco.gob.pe\/wp-content\/uploads\/2026\/04\/671413225_1404796525018124_1844313136426353750_n-1536x868.jpg 1536w, https:\/\/www.munihuanuco.gob.pe\/wp-content\/uploads\/2026\/04\/671413225_1404796525018124_1844313136426353750_n.jpg 2048w\" sizes=\"(max-width: 1024px) 100vw, 1024px\" \/><\/figure>\n\n\n\n<p>Gesti\u00f3n Participativa<br>La conformaci\u00f3n de este comit\u00e9 responde al compromiso de la actual gesti\u00f3n municipal de consolidar una ciudad m\u00e1s justa y segura.&nbsp;<em>\u00abEl COMUDENA no es solo un grupo de trabajo, es un escudo institucional que velar\u00e1 por el bienestar integral y el desarrollo de quienes representan el futuro de nuestra provincia\u00bb<\/em>, se\u00f1alaron los representantes de la Gerencia de Desarrollo Social.<\/p>\n\n\n\n<figure class=\"wp-block-image size-large\"><img loading=\"lazy\" decoding=\"async\" width=\"1024\" height=\"579\" src=\"https:\/\/www.munihuanuco.gob.pe\/wp-content\/uploads\/2026\/04\/672021658_1404796475018129_375584774269905597_n-1024x579.jpg\" alt=\"\" class=\"wp-image-3352\" srcset=\"https:\/\/www.munihuanuco.gob.pe\/wp-content\/uploads\/2026\/04\/672021658_1404796475018129_375584774269905597_n-1024x579.jpg 1024w, https:\/\/www.munihuanuco.gob.pe\/wp-content\/uploads\/2026\/04\/672021658_1404796475018129_375584774269905597_n-300x169.jpg 300w, https:\/\/www.munihuanuco.gob.pe\/wp-content\/uploads\/2026\/04\/672021658_1404796475018129_375584774269905597_n-768x434.jpg 768w, https:\/\/www.munihuanuco.gob.pe\/wp-content\/uploads\/2026\/04\/672021658_1404796475018129_375584774269905597_n-1536x868.jpg 1536w, https:\/\/www.munihuanuco.gob.pe\/wp-content\/uploads\/2026\/04\/672021658_1404796475018129_375584774269905597_n.jpg 2048w\" sizes=\"(max-width: 1024px) 100vw, 1024px\" \/><\/figure>\n\n\n\n<p>A trav\u00e9s de comit\u00e9s especializados, este espacio permitir\u00e1 monitorear y evaluar constantemente la situaci\u00f3n de la infancia en Hu\u00e1nuco, permitiendo que la respuesta del Estado ante cualquier vulneraci\u00f3n sea inmediata y efectiva.<\/p>\n\n\n\n<figure class=\"wp-block-image size-large\"><img loading=\"lazy\" decoding=\"async\" width=\"1024\" height=\"683\" src=\"https:\/\/www.munihuanuco.gob.pe\/wp-content\/uploads\/2026\/04\/671271790_1404796395018137_4001361455606707947_n-1024x683.jpg\" alt=\"\" class=\"wp-image-3353\" srcset=\"https:\/\/www.munihuanuco.gob.pe\/wp-content\/uploads\/2026\/04\/671271790_1404796395018137_4001361455606707947_n-1024x683.jpg 1024w, https:\/\/www.munihuanuco.gob.pe\/wp-content\/uploads\/2026\/04\/671271790_1404796395018137_4001361455606707947_n-300x200.jpg 300w, https:\/\/www.munihuanuco.gob.pe\/wp-content\/uploads\/2026\/04\/671271790_1404796395018137_4001361455606707947_n-768x512.jpg 768w, https:\/\/www.munihuanuco.gob.pe\/wp-content\/uploads\/2026\/04\/671271790_1404796395018137_4001361455606707947_n-1536x1024.jpg 1536w, https:\/\/www.munihuanuco.gob.pe\/wp-content\/uploads\/2026\/04\/671271790_1404796395018137_4001361455606707947_n.jpg 2048w\" sizes=\"(max-width: 1024px) 100vw, 1024px\" \/><\/figure>\n","protected":false},"excerpt":{"rendered":"<p>En un paso decisivo para la protecci\u00f3n social en la provincia, la Municipalidad Provincial de Hu\u00e1nuco lider\u00f3 la ceremonia oficial de conformaci\u00f3n y juramentaci\u00f3n del&nbsp;Comit\u00e9 Multisectorial por los Derechos de la Ni\u00f1a, Ni\u00f1o y Adolescente \u2013 COMUDENA. Este comit\u00e9 se constituye como el m\u00e1ximo espacio de articulaci\u00f3n interinstitucional de la provincia, dise\u00f1ado para unificar esfuerzos [&hellip;]<\/p>\n","protected":false},"author":3,"featured_media":3353,"comment_status":"closed","ping_status":"open","sticky":false,"template":"","format":"standard","meta":{"footnotes":""},"categories":[3],"tags":[],"class_list":["post-3347","post","type-post","status-publish","format-standard","has-post-thumbnail","hentry","category-noticia"],"_links":{"self":[{"href":"https:\/\/www.munihuanuco.gob.pe\/index.php?rest_route=\/wp\/v2\/posts\/3347"}],"collection":[{"href":"https:\/\/www.munihuanuco.gob.pe\/index.php?rest_route=\/wp\/v2\/posts"}],"about":[{"href":"https:\/\/www.munihuanuco.gob.pe\/index.php?rest_route=\/wp\/v2\/types\/post"}],"author":[{"embeddable":true,"href":"https:\/\/www.munihuanuco.gob.pe\/index.php?rest_route=\/wp\/v2\/users\/3"}],"replies":[{"embeddable":true,"href":"https:\/\/www.munihuanuco.gob.pe\/index.php?rest_route=%2Fwp%2Fv2%2Fcomments&post=3347"}],"version-history":[{"count":1,"href":"https:\/\/www.munihuanuco.gob.pe\/index.php?rest_route=\/wp\/v2\/posts\/3347\/revisions"}],"predecessor-version":[{"id":3354,"href":"https:\/\/www.munihuanuco.gob.pe\/index.php?rest_route=\/wp\/v2\/posts\/3347\/revisions\/3354"}],"wp:featuredmedia":[{"embeddable":true,"href":"https:\/\/www.munihuanuco.gob.pe\/index.php?rest_route=\/wp\/v2\/media\/3353"}],"wp:attachment":[{"href":"https:\/\/www.munihuanuco.gob.pe\/index.php?rest_route=%2Fwp%2Fv2%2Fmedia&parent=3347"}],"wp:term":[{"taxonomy":"category","embeddable":true,"href":"https:\/\/www.munihuanuco.gob.pe\/index.php?rest_route=%2Fwp%2Fv2%2Fcategories&post=3347"},{"taxonomy":"post_tag","embeddable":true,"href":"https:\/\/www.munihuanuco.gob.pe\/index.php?rest_route=%2Fwp%2Fv2%2Ftags&post=3347"}],"curies":[{"name":"wp","href":"https:\/\/api.w.org\/{rel}","templated":true}]}}