{"id":3394,"date":"2026-04-24T12:31:11","date_gmt":"2026-04-24T17:31:11","guid":{"rendered":"https:\/\/www.munihuanuco.gob.pe\/?p=3394"},"modified":"2026-04-24T12:31:34","modified_gmt":"2026-04-24T17:31:34","slug":"alcalde-tono-jara-reconoce-a-la-presidenta-del-poder-judicial","status":"publish","type":"post","link":"https:\/\/www.munihuanuco.gob.pe\/?p=3394","title":{"rendered":"ALCALDE TO\u00d1O JARA RECONOCE A PRESIDENTA DEL PODER JUDICIAL"},"content":{"rendered":"\n<p>El alcalde Antonio Jara Gallardo condecor\u00f3, en una ceremonia protocolar desarrollada en el hist\u00f3rico Sal\u00f3n San Sebasti\u00e1n, a la presidenta del Poder Judicial Dra. Janet Ofelia Lourdes Tello Gilardi, as\u00ed como a los miembros del Consejo Ejecutivo del Poder Judicial.<\/p>\n\n\n\n<figure class=\"wp-block-image size-large\"><img loading=\"lazy\" decoding=\"async\" width=\"1024\" height=\"683\" src=\"https:\/\/www.munihuanuco.gob.pe\/wp-content\/uploads\/2026\/04\/675464227_1409684174529359_3601530611542087787_n-1024x683.jpg\" alt=\"\" class=\"wp-image-3397\" srcset=\"https:\/\/www.munihuanuco.gob.pe\/wp-content\/uploads\/2026\/04\/675464227_1409684174529359_3601530611542087787_n-1024x683.jpg 1024w, https:\/\/www.munihuanuco.gob.pe\/wp-content\/uploads\/2026\/04\/675464227_1409684174529359_3601530611542087787_n-300x200.jpg 300w, https:\/\/www.munihuanuco.gob.pe\/wp-content\/uploads\/2026\/04\/675464227_1409684174529359_3601530611542087787_n-768x512.jpg 768w, https:\/\/www.munihuanuco.gob.pe\/wp-content\/uploads\/2026\/04\/675464227_1409684174529359_3601530611542087787_n-1536x1024.jpg 1536w, https:\/\/www.munihuanuco.gob.pe\/wp-content\/uploads\/2026\/04\/675464227_1409684174529359_3601530611542087787_n.jpg 2048w\" sizes=\"(max-width: 1024px) 100vw, 1024px\" \/><\/figure>\n\n\n\n<p>Los magistrados que recibieron un reconocimiento de manos de nuestro se\u00f1or alcalde junto con la presidenta del Poder Judicial a nombre de la Municipalidad Provincial de Hu\u00e1nuco, fueron: Elvia Barrios Alvarado, Ramiro Antonio Bustamante Zegarra, Johnny Manuel C\u00e1ceres Valencia, Carlos Alberto Zavaleta Grande y el presidente de la Corte Superior de Justicia de Hu\u00e1nuco, Dr. Alberto Alain Berger Vigueras.<\/p>\n\n\n\n<figure class=\"wp-block-gallery has-nested-images columns-default is-cropped wp-block-gallery-1 is-layout-flex wp-block-gallery-is-layout-flex\">\n<figure class=\"wp-block-image size-large\"><img loading=\"lazy\" decoding=\"async\" width=\"1024\" height=\"683\" data-id=\"3399\" src=\"https:\/\/www.munihuanuco.gob.pe\/wp-content\/uploads\/2026\/04\/675520438_1409683547862755_8045989741167257466_n-1024x683.jpg\" alt=\"\" class=\"wp-image-3399\" srcset=\"https:\/\/www.munihuanuco.gob.pe\/wp-content\/uploads\/2026\/04\/675520438_1409683547862755_8045989741167257466_n-1024x683.jpg 1024w, https:\/\/www.munihuanuco.gob.pe\/wp-content\/uploads\/2026\/04\/675520438_1409683547862755_8045989741167257466_n-300x200.jpg 300w, https:\/\/www.munihuanuco.gob.pe\/wp-content\/uploads\/2026\/04\/675520438_1409683547862755_8045989741167257466_n-768x512.jpg 768w, https:\/\/www.munihuanuco.gob.pe\/wp-content\/uploads\/2026\/04\/675520438_1409683547862755_8045989741167257466_n-1536x1024.jpg 1536w, https:\/\/www.munihuanuco.gob.pe\/wp-content\/uploads\/2026\/04\/675520438_1409683547862755_8045989741167257466_n.jpg 2048w\" sizes=\"(max-width: 1024px) 100vw, 1024px\" \/><\/figure>\n\n\n\n<figure class=\"wp-block-image size-large\"><img loading=\"lazy\" decoding=\"async\" width=\"1024\" height=\"683\" data-id=\"3398\" src=\"https:\/\/www.munihuanuco.gob.pe\/wp-content\/uploads\/2026\/04\/679650321_1409683664529410_1084290513301081119_n-1024x683.jpg\" alt=\"\" class=\"wp-image-3398\" srcset=\"https:\/\/www.munihuanuco.gob.pe\/wp-content\/uploads\/2026\/04\/679650321_1409683664529410_1084290513301081119_n-1024x683.jpg 1024w, https:\/\/www.munihuanuco.gob.pe\/wp-content\/uploads\/2026\/04\/679650321_1409683664529410_1084290513301081119_n-300x200.jpg 300w, https:\/\/www.munihuanuco.gob.pe\/wp-content\/uploads\/2026\/04\/679650321_1409683664529410_1084290513301081119_n-768x512.jpg 768w, https:\/\/www.munihuanuco.gob.pe\/wp-content\/uploads\/2026\/04\/679650321_1409683664529410_1084290513301081119_n-1536x1024.jpg 1536w, https:\/\/www.munihuanuco.gob.pe\/wp-content\/uploads\/2026\/04\/679650321_1409683664529410_1084290513301081119_n.jpg 2048w\" sizes=\"(max-width: 1024px) 100vw, 1024px\" \/><\/figure>\n<\/figure>\n\n\n\n<p>Asimismo, el burgomaestre indic\u00f3 durante su intervenci\u00f3n que es un clamor de la ciudadan\u00eda, que se imparta justicia con arreglo a la constituci\u00f3n y las leyes, garantizando la seguridad jur\u00eddica y la tutela jurisdiccional en favor de la paz social y el desarrollo nacional. En ese sentido se comprometi\u00f3 a colaborar con el Poder Judicial para la lucha contra la delincuencia y la criminalidad que vienen azotando al pa\u00eds.<\/p>\n\n\n\n<figure class=\"wp-block-image size-large\"><img loading=\"lazy\" decoding=\"async\" width=\"1024\" height=\"683\" src=\"https:\/\/www.munihuanuco.gob.pe\/wp-content\/uploads\/2026\/04\/676796151_1409683767862733_1040970915643365267_n-1024x683.jpg\" alt=\"\" class=\"wp-image-3396\" srcset=\"https:\/\/www.munihuanuco.gob.pe\/wp-content\/uploads\/2026\/04\/676796151_1409683767862733_1040970915643365267_n-1024x683.jpg 1024w, https:\/\/www.munihuanuco.gob.pe\/wp-content\/uploads\/2026\/04\/676796151_1409683767862733_1040970915643365267_n-300x200.jpg 300w, https:\/\/www.munihuanuco.gob.pe\/wp-content\/uploads\/2026\/04\/676796151_1409683767862733_1040970915643365267_n-768x512.jpg 768w, https:\/\/www.munihuanuco.gob.pe\/wp-content\/uploads\/2026\/04\/676796151_1409683767862733_1040970915643365267_n-1536x1024.jpg 1536w, https:\/\/www.munihuanuco.gob.pe\/wp-content\/uploads\/2026\/04\/676796151_1409683767862733_1040970915643365267_n.jpg 2048w\" sizes=\"(max-width: 1024px) 100vw, 1024px\" \/><\/figure>\n","protected":false},"excerpt":{"rendered":"<p>El alcalde Antonio Jara Gallardo condecor\u00f3, en una ceremonia protocolar desarrollada en el hist\u00f3rico Sal\u00f3n San Sebasti\u00e1n, a la presidenta del Poder Judicial Dra. Janet Ofelia Lourdes Tello Gilardi, as\u00ed como a los miembros del Consejo Ejecutivo del Poder Judicial. Los magistrados que recibieron un reconocimiento de manos de nuestro se\u00f1or alcalde junto con la [&hellip;]<\/p>\n","protected":false},"author":3,"featured_media":3400,"comment_status":"closed","ping_status":"open","sticky":false,"template":"","format":"standard","meta":{"footnotes":""},"categories":[3],"tags":[],"class_list":["post-3394","post","type-post","status-publish","format-standard","has-post-thumbnail","hentry","category-noticia"],"_links":{"self":[{"href":"https:\/\/www.munihuanuco.gob.pe\/index.php?rest_route=\/wp\/v2\/posts\/3394"}],"collection":[{"href":"https:\/\/www.munihuanuco.gob.pe\/index.php?rest_route=\/wp\/v2\/posts"}],"about":[{"href":"https:\/\/www.munihuanuco.gob.pe\/index.php?rest_route=\/wp\/v2\/types\/post"}],"author":[{"embeddable":true,"href":"https:\/\/www.munihuanuco.gob.pe\/index.php?rest_route=\/wp\/v2\/users\/3"}],"replies":[{"embeddable":true,"href":"https:\/\/www.munihuanuco.gob.pe\/index.php?rest_route=%2Fwp%2Fv2%2Fcomments&post=3394"}],"version-history":[{"count":2,"href":"https:\/\/www.munihuanuco.gob.pe\/index.php?rest_route=\/wp\/v2\/posts\/3394\/revisions"}],"predecessor-version":[{"id":3402,"href":"https:\/\/www.munihuanuco.gob.pe\/index.php?rest_route=\/wp\/v2\/posts\/3394\/revisions\/3402"}],"wp:featuredmedia":[{"embeddable":true,"href":"https:\/\/www.munihuanuco.gob.pe\/index.php?rest_route=\/wp\/v2\/media\/3400"}],"wp:attachment":[{"href":"https:\/\/www.munihuanuco.gob.pe\/index.php?rest_route=%2Fwp%2Fv2%2Fmedia&parent=3394"}],"wp:term":[{"taxonomy":"category","embeddable":true,"href":"https:\/\/www.munihuanuco.gob.pe\/index.php?rest_route=%2Fwp%2Fv2%2Fcategories&post=3394"},{"taxonomy":"post_tag","embeddable":true,"href":"https:\/\/www.munihuanuco.gob.pe\/index.php?rest_route=%2Fwp%2Fv2%2Ftags&post=3394"}],"curies":[{"name":"wp","href":"https:\/\/api.w.org\/{rel}","templated":true}]}}